{"id":207,"date":"2022-03-29T20:12:51","date_gmt":"2022-03-29T20:12:51","guid":{"rendered":"https:\/\/www.uncoupdemeung.fr\/?p=207"},"modified":"2022-03-29T20:34:54","modified_gmt":"2022-03-29T20:34:54","slug":"avril-2022","status":"publish","type":"post","link":"https:\/\/www.uncoupdemeung.fr\/?p=207","title":{"rendered":"Avril 2022"},"content":{"rendered":"\n<p>Atelier v\u00e9lo <strong>le 2 avril<\/strong> sous la halle de 10h \u00e0 13h avec d\u00e9monstration de wheeling par nos jeunes magdunois.<\/p>\n\n\n\n<p>Fin mars, \u00ab\u00a0Un coup de Meung\u00a0\u00bb a pris la rel\u00e8ve du jardin partag\u00e9 de l&rsquo;association \u00ab\u00a0un brin de soleil\u00a0\u00bb.<br>Le terrain est facilement accessible le long de la Loire \u00e0 v\u00e9lo apr\u00e8s le pont qui va sur l&rsquo;\u00eele au niveau de Baulette. N&rsquo;h\u00e9sitez pas \u00e0 nous contacter \u00e0&nbsp;<em><u><a rel=\"noreferrer noopener\" href=\"mailto:uncoupdemeung@ecomail-asso.com\" target=\"_blank\">uncoupdemeung@ecomail-asso.com<\/a>&nbsp;<\/u><\/em>si vous souhaitez participer \u00e0 la cr\u00e9ation de cet espace potager.<br>Actuellement les id\u00e9es fusent : mise ne place d&rsquo;un plan d&rsquo;occupation, nouvelle organisation du mat\u00e9riel, cr\u00e9ation de mobilier de jardin en palette, cr\u00e9ation d&rsquo;un espace \u00ab\u00a0plantes m\u00e9dicinales\u00a0\u00bb, agrandissement de l&rsquo;espace \u00ab\u00a0plantes aromatiques\u00a0\u00bb, r\u00e9flexion r\u00e9cup\u00e9ration d&rsquo;eau de pluie-arrosage, &#8230; Venez vous aussi apporter votre savoir sur cet espace partag\u00e9. Un planning se met en place mais d&rsquo;ors et d\u00e9j\u00e0, il y aura de l&rsquo;activit\u00e9 au jardin d\u00e8s <strong>les&nbsp;2 et 9 avril<\/strong> !&nbsp;<\/p>\n\n\n\n<p>Un atelier est en cours pour la construction de 3 s\u00e9choirs solaires, les participants se r\u00e9uniront le <strong>24 avril<\/strong> afin d&rsquo;\u00eatre pr\u00eats aux premiers rayons de soleil du printemps \u00e0 d\u00e9shydrater les plantes du jardin ! ce sera l&rsquo;occasion de conserver plus longtemps nos r\u00e9coltes.&nbsp;&nbsp;<\/p>\n\n\n\n<p>Un RDV Z\u00e9ro d\u00e9chet vous est propos\u00e9 <strong>le vendredi 29 avril \u00e0 18 h<\/strong> \u00e0 Terra&rsquo;Vrac: \u00ab\u00a0Venez calculer votre bilan carbone et discuter des solutions pour le r\u00e9duire\u00a0\u00bb.&nbsp; Le nombre de places \u00e9tant limit\u00e9es&nbsp;une inscription&nbsp;est&nbsp;n\u00e9cessaire sur&nbsp;<em><u><a rel=\"noreferrer noopener\" href=\"mailto:uncoupdemeung@ecomail-asso.com\" target=\"_blank\">uncoupdemeung@ecomail-asso.com<\/a>&nbsp;<\/u><\/em>ou aupr\u00e8s de TerraVrac.&nbsp;<\/p>\n\n\n\n<p><strong>Le 30 avril <\/strong>le groupe Jardin-Permaculture organise une matin\u00e9e conviviale au potager partag\u00e9 de Cl\u00e9ry en transition avec un pique-nique z\u00e9ro d\u00e9chets.<\/p>\n","protected":false},"excerpt":{"rendered":"<p>Atelier v\u00e9lo le 2 avril sous la halle de 10h \u00e0 13h avec d\u00e9monstration de wheeling par nos jeunes magdunois. Fin mars, \u00ab\u00a0Un coup de Meung\u00a0\u00bb a pris la rel\u00e8ve [&hellip;]<\/p>\n","protected":false},"author":1,"featured_media":0,"comment_status":"open","ping_status":"closed","sticky":false,"template":"","format":"standard","meta":{"footnotes":""},"categories":[3,8],"tags":[],"class_list":["post-207","post","type-post","status-publish","format-standard","hentry","category-actualites","category-agenda","entry"],"_links":{"self":[{"href":"https:\/\/www.uncoupdemeung.fr\/index.php?rest_route=\/wp\/v2\/posts\/207","targetHints":{"allow":["GET"]}}],"collection":[{"href":"https:\/\/www.uncoupdemeung.fr\/index.php?rest_route=\/wp\/v2\/posts"}],"about":[{"href":"https:\/\/www.uncoupdemeung.fr\/index.php?rest_route=\/wp\/v2\/types\/post"}],"author":[{"embeddable":true,"href":"https:\/\/www.uncoupdemeung.fr\/index.php?rest_route=\/wp\/v2\/users\/1"}],"replies":[{"embeddable":true,"href":"https:\/\/www.uncoupdemeung.fr\/index.php?rest_route=%2Fwp%2Fv2%2Fcomments&post=207"}],"version-history":[{"count":2,"href":"https:\/\/www.uncoupdemeung.fr\/index.php?rest_route=\/wp\/v2\/posts\/207\/revisions"}],"predecessor-version":[{"id":209,"href":"https:\/\/www.uncoupdemeung.fr\/index.php?rest_route=\/wp\/v2\/posts\/207\/revisions\/209"}],"wp:attachment":[{"href":"https:\/\/www.uncoupdemeung.fr\/index.php?rest_route=%2Fwp%2Fv2%2Fmedia&parent=207"}],"wp:term":[{"taxonomy":"category","embeddable":true,"href":"https:\/\/www.uncoupdemeung.fr\/index.php?rest_route=%2Fwp%2Fv2%2Fcategories&post=207"},{"taxonomy":"post_tag","embeddable":true,"href":"https:\/\/www.uncoupdemeung.fr\/index.php?rest_route=%2Fwp%2Fv2%2Ftags&post=207"}],"curies":[{"name":"wp","href":"https:\/\/api.w.org\/{rel}","templated":true}]}}