{"id":295,"date":"2022-10-18T18:19:36","date_gmt":"2022-10-18T18:19:36","guid":{"rendered":"https:\/\/www.uncoupdemeung.fr\/?p=295"},"modified":"2022-12-22T14:32:00","modified_gmt":"2022-12-22T14:32:00","slug":"groupe-jardin-permaculture-le-programme","status":"publish","type":"post","link":"https:\/\/www.uncoupdemeung.fr\/?p=295","title":{"rendered":"Commission Jardins : le programme 2022-2023 !"},"content":{"rendered":"\n<p>Voil\u00e0 l&rsquo;ann\u00e9e scolaire qui repart, l&rsquo;occasion pour nous de partager les activit\u00e9s de la commission \u00ab\u00a0Jardin\u00a0\u00bb d&rsquo;un coup de Meung !<\/p>\n\n\n\n<p>Pour commencer quelques dates et propositions (les id\u00e9es sont en vrac, elles seront ajust\u00e9es en fonction de vos envies):<\/p>\n\n\n\n<ul class=\"wp-block-list\">\n<li>19 novembre : R\u00e9union au jardin partag\u00e9 de Baulette 10h-12h (et plus si affinit\u00e9 !)&nbsp;<em>Au programme le 19\/11\/22: jardinage : pr\u00e9paration de planche de semis d&rsquo;hiver, butte permaculture, \u00e9pandage de fumier, mais aussi bricolage: chargement pour un passage en d\u00e9chetterie, tri pour un RDV \u00e0 la ressourcerie (on a besoin de toutes les bonnes volont\u00e9s)<\/em><\/li>\n\n\n\n<li>26 novembre : venez pr\u00eater&nbsp;main forte aux voisin de BAULE pour la plantation de leur microforet (5000 arbres) entre l&rsquo;\u00e9glise et le chapiteau<\/li>\n\n\n\n<li>28 janvier : R\u00e9union au jardin partag\u00e9 de Baulette 10h-12h<\/li>\n\n\n\n<li>3 f\u00e9vrier : Assembl\u00e9e g\u00e9n\u00e9rale en soir\u00e9e salle Alain Cornault<\/li>\n\n\n\n<li>4 mars : R\u00e9union au jardin partag\u00e9 de Baulette 10h-12h, invitation caf\u00e9 gourmand avec d&rsquo;autres jardins partag\u00e9s: Cl\u00e9ry, de la graine au fruit, Coquelicot, Beaugency, Lab&rsquo;O&#8230;), lancement des plants, commande de terreau&#8230;<\/li>\n\n\n\n<li>1ier avril\u00a0 : R\u00e9union jardin 10h-12h<\/li>\n\n\n\n<li>13 mai : Journ\u00e9e festive, plantation, \u00e9change de plants, planning \u00e0 venir<\/li>\n\n\n\n<li>17 juin : R\u00e9union au jardin partag\u00e9 de Baulette 10h-12h<\/li>\n<\/ul>\n\n\n\n<p>Nous avons pour cette animation \u00ab\u00a0jardin partag\u00e9\u00a0\u00bb un groupe WhatsApp, n&rsquo;h\u00e9sitez pas \u00e0 nous contacter par retour de mail pour y \u00eatre ajout\u00e9 si vous le souhaitez.<\/p>\n\n\n\n<p>Pour ceux qui ne conna\u00eetraient pas encore notre&nbsp;<strong>jardin partag\u00e9<\/strong>&nbsp;:<\/p>\n\n\n\n<ul class=\"wp-block-list\">\n<li>Il se situe \u00e0 Baulette, le long de la Loire \u00e0 v\u00e9lo, \u00e0 5 min en v\u00e9lo du mail de Meung sur Loire.<\/li>\n\n\n\n<li>Anciennement g\u00e9r\u00e9 par l&rsquo;association \u00ab\u00a0Un brin de soleil\u00a0\u00bb, le terrain est mis \u00e0 disposition par un habitant de Baule sous condition d&rsquo;entretien et une reconduction annuelle.<\/li>\n\n\n\n<li>Il est ouvert \u00e0 tous les adh\u00e9rents qui le souhaitent (inscription par retour de mail, signature du r\u00e8glement int\u00e9rieur)<\/li>\n\n\n\n<li>C&rsquo;est un lieu de partage d&rsquo;exp\u00e9riences (activit\u00e9 en groupe selon planning) et d&rsquo;exp\u00e9rience (permaculture, biodiversit\u00e9, association de culture&#8230;), pour faciliter&nbsp;ce partage on vous propose de privil\u00e9gier un&nbsp;cr\u00e9neau tous les samedis matin de 10h\u00e0 12h pour venir au jardin.<\/li>\n\n\n\n<li>C&rsquo;est aussi un espace de d\u00e9tente ouvert aux jardiniers quand ils le souhaitent (pas besoin d&rsquo;\u00eatre \u00e0 plusieurs syst\u00e9matiquement), le cadenas a code \u00e0 l&rsquo;entr\u00e9e vous permet d&rsquo;intervenir quand vous voulez.<\/li>\n\n\n\n<li>Un cabanon avec des outils est \u00e0 disposition des jardiniers sur place (nous pr\u00e9voyons d&rsquo;acheter une grelinette prochainement), des r\u00e9servoirs \u00e0 eau sont aussi disponibles pour l&rsquo;arrosage.<\/li>\n\n\n\n<li>Chantiers \u00e0 pr\u00e9voir en 2022-2023 : alimentation en eau, nettoyage, organisation d&rsquo;un coin d\u00e9tente et pourquoi pas d&rsquo;un \u00ab\u00a0petit coin\u00a0\u00bb<\/li>\n<\/ul>\n\n\n\n<p>Pour compl\u00e9ter le tour d&rsquo;horizon, nous sommes toujours en recherche d&rsquo;un terrain sur lequel investir sur du long terme avec plantation d&rsquo;arbres, de fruitiers, d&rsquo;arbuste, et autres afin de cr\u00e9er une for\u00eat jardin. Si vous \u00eates int\u00e9ress\u00e9s, faites nous signe , nous allons monter un groupe de travail pour d\u00e9but 2023.<\/p>\n","protected":false},"excerpt":{"rendered":"<p>Voil\u00e0 l&rsquo;ann\u00e9e scolaire qui repart, l&rsquo;occasion pour nous de partager les activit\u00e9s de la commission \u00ab\u00a0Jardin\u00a0\u00bb d&rsquo;un coup de Meung ! Pour commencer quelques dates et propositions (les id\u00e9es sont [&hellip;]<\/p>\n","protected":false},"author":1,"featured_media":0,"comment_status":"open","ping_status":"closed","sticky":false,"template":"","format":"standard","meta":{"footnotes":""},"categories":[10,9,11],"tags":[],"class_list":["post-295","post","type-post","status-publish","format-standard","hentry","category-jardin-partage","category-jardin-permaculture","category-retro-actu","entry"],"_links":{"self":[{"href":"https:\/\/www.uncoupdemeung.fr\/index.php?rest_route=\/wp\/v2\/posts\/295","targetHints":{"allow":["GET"]}}],"collection":[{"href":"https:\/\/www.uncoupdemeung.fr\/index.php?rest_route=\/wp\/v2\/posts"}],"about":[{"href":"https:\/\/www.uncoupdemeung.fr\/index.php?rest_route=\/wp\/v2\/types\/post"}],"author":[{"embeddable":true,"href":"https:\/\/www.uncoupdemeung.fr\/index.php?rest_route=\/wp\/v2\/users\/1"}],"replies":[{"embeddable":true,"href":"https:\/\/www.uncoupdemeung.fr\/index.php?rest_route=%2Fwp%2Fv2%2Fcomments&post=295"}],"version-history":[{"count":3,"href":"https:\/\/www.uncoupdemeung.fr\/index.php?rest_route=\/wp\/v2\/posts\/295\/revisions"}],"predecessor-version":[{"id":343,"href":"https:\/\/www.uncoupdemeung.fr\/index.php?rest_route=\/wp\/v2\/posts\/295\/revisions\/343"}],"wp:attachment":[{"href":"https:\/\/www.uncoupdemeung.fr\/index.php?rest_route=%2Fwp%2Fv2%2Fmedia&parent=295"}],"wp:term":[{"taxonomy":"category","embeddable":true,"href":"https:\/\/www.uncoupdemeung.fr\/index.php?rest_route=%2Fwp%2Fv2%2Fcategories&post=295"},{"taxonomy":"post_tag","embeddable":true,"href":"https:\/\/www.uncoupdemeung.fr\/index.php?rest_route=%2Fwp%2Fv2%2Ftags&post=295"}],"curies":[{"name":"wp","href":"https:\/\/api.w.org\/{rel}","templated":true}]}}