{"id":332,"date":"2023-01-04T17:31:01","date_gmt":"2023-01-04T17:31:01","guid":{"rendered":"https:\/\/www.uncoupdemeung.fr\/?p=332"},"modified":"2023-01-04T17:39:49","modified_gmt":"2023-01-04T17:39:49","slug":"jardins-projets-de-plantation-darbres","status":"publish","type":"post","link":"https:\/\/www.uncoupdemeung.fr\/?p=332","title":{"rendered":"Jardins : Projets de plantation d&rsquo;arbres"},"content":{"rendered":"\n<p>Objectif&nbsp;: Planter&nbsp;des arbres pour capter du carbone&nbsp;sur du long terme et sauver la biodiversit\u00e9 !<\/p>\n\n\n\n<p>Cette id\u00e9e est apparue lors de la f\u00eate des possibles de septembre 2022 avec une mobilisation multi associations de Cl\u00e9ry en transition, du Lab&rsquo;O, de la Graine au fruit, &#8230; Sur 2023, nous souhaitons cr\u00e9er un groupe de travail ayant pour objectif d\u2019identifier des projets, de les prioriser sur la base de la m\u00e9thode \u00ab&nbsp;<a href=\"https:\/\/jagisjeplante.fnh.org\/\"><mark style=\"background-color:rgba(0, 0, 0, 0)\" class=\"has-inline-color has-vivid-cyan-blue-color\">jagisjeplante<\/mark><\/a>&nbsp;\u00bb. <\/p>\n\n\n\n<p>Projets possibles&nbsp;:<\/p>\n\n\n\n<ul class=\"wp-block-list\">\n<li>Plantation sur zone de la commune (Meung) pour PLANTER et am\u00e9liorer le confort des habitants (ombre, coup vent\u2026) et compenser les abattages d\u2019arbres pour travaux\u2026<\/li>\n\n\n\n<li>Plantation chez un adh\u00e9rents (terrain priv\u00e9) pour PLANTER et par solidarit\u00e9<\/li>\n\n\n\n<li>Venez compl\u00e9ter notre liste des projets possibles en les proposant sur<strong> <mark style=\"background-color:rgba(0, 0, 0, 0)\" class=\"has-inline-color has-vivid-cyan-blue-color\">uncoupdemeung@ecomail-asso.com<\/mark><\/strong><\/li>\n<\/ul>\n\n\n\n<p>Retroplanning&nbsp;:<\/p>\n\n\n\n<ul class=\"wp-block-list\">\n<li>Objectif plantation d&rsquo;un projet en novembre 2023<\/li>\n\n\n\n<li>Achats et de l\u2019organisation en septembre et octobre 2023<\/li>\n\n\n\n<li>Projet d\u00e9finit en juin 2023&nbsp;: terrain, accord du propri\u00e9taire, choix des essences, \u2026<\/li>\n\n\n\n<li>Priorisation du projet 2023, plan de financement en mai 2023<\/li>\n\n\n\n<li>D\u00e9finition d&rsquo;un ou plusieurs projets : objectif, lieu, propri\u00e9taire, possibilit\u00e9 de plantation, budget&#8230; mars-avril 2023<\/li>\n\n\n\n<li>Constitution d&rsquo;un collectif de plusieurs associations pour lister des projets possibles en f\u00e9vrier 2023<\/li>\n<\/ul>\n","protected":false},"excerpt":{"rendered":"<p>Objectif&nbsp;: Planter&nbsp;des arbres pour capter du carbone&nbsp;sur du long terme et sauver la biodiversit\u00e9 ! Cette id\u00e9e est apparue lors de la f\u00eate des possibles de septembre 2022 avec une [&hellip;]<\/p>\n","protected":false},"author":3,"featured_media":0,"comment_status":"open","ping_status":"closed","sticky":false,"template":"","format":"standard","meta":{"footnotes":""},"categories":[3,9],"tags":[],"class_list":["post-332","post","type-post","status-publish","format-standard","hentry","category-actualites","category-jardin-permaculture","entry"],"_links":{"self":[{"href":"https:\/\/www.uncoupdemeung.fr\/index.php?rest_route=\/wp\/v2\/posts\/332","targetHints":{"allow":["GET"]}}],"collection":[{"href":"https:\/\/www.uncoupdemeung.fr\/index.php?rest_route=\/wp\/v2\/posts"}],"about":[{"href":"https:\/\/www.uncoupdemeung.fr\/index.php?rest_route=\/wp\/v2\/types\/post"}],"author":[{"embeddable":true,"href":"https:\/\/www.uncoupdemeung.fr\/index.php?rest_route=\/wp\/v2\/users\/3"}],"replies":[{"embeddable":true,"href":"https:\/\/www.uncoupdemeung.fr\/index.php?rest_route=%2Fwp%2Fv2%2Fcomments&post=332"}],"version-history":[{"count":4,"href":"https:\/\/www.uncoupdemeung.fr\/index.php?rest_route=\/wp\/v2\/posts\/332\/revisions"}],"predecessor-version":[{"id":353,"href":"https:\/\/www.uncoupdemeung.fr\/index.php?rest_route=\/wp\/v2\/posts\/332\/revisions\/353"}],"wp:attachment":[{"href":"https:\/\/www.uncoupdemeung.fr\/index.php?rest_route=%2Fwp%2Fv2%2Fmedia&parent=332"}],"wp:term":[{"taxonomy":"category","embeddable":true,"href":"https:\/\/www.uncoupdemeung.fr\/index.php?rest_route=%2Fwp%2Fv2%2Fcategories&post=332"},{"taxonomy":"post_tag","embeddable":true,"href":"https:\/\/www.uncoupdemeung.fr\/index.php?rest_route=%2Fwp%2Fv2%2Ftags&post=332"}],"curies":[{"name":"wp","href":"https:\/\/api.w.org\/{rel}","templated":true}]}}