{"id":420,"date":"2023-02-26T21:04:23","date_gmt":"2023-02-26T21:04:23","guid":{"rendered":"https:\/\/www.uncoupdemeung.fr\/?p=420"},"modified":"2023-03-07T21:00:35","modified_gmt":"2023-03-07T21:00:35","slug":"partageons-nos-jardins-partages","status":"publish","type":"post","link":"https:\/\/www.uncoupdemeung.fr\/?p=420","title":{"rendered":"Partageons nos jardins partag\u00e9s !"},"content":{"rendered":"\n<p>Samedi 4 mars, de 14h \u00e0 17h, nous avons organis\u00e9 un apr\u00e8s-midi festif au jardin partag\u00e9 de Baulette avec les Associations des jardins partag\u00e9s de Cl\u00e9ry St Andr\u00e9 \u00ab\u00a0Cl\u00e9ry en Transition\u00a0\u00bb, de Lailly en Val \u00ab\u00a0De la graine aux Fruits\u00a0\u00bb et de Beaugency \u00ab\u00a0Lab&rsquo;O\u00a0\u00bb et la participation de \u00ab\u00a0Douces et Sauvages\u00a0\u00bb de Beaugency. <\/p>\n\n\n\n<div class=\"wp-block-columns is-layout-flex wp-container-core-columns-is-layout-9d6595d7 wp-block-columns-is-layout-flex\">\n<div class=\"wp-block-column is-layout-flow wp-block-column-is-layout-flow\" style=\"flex-basis:100%\">\n<figure class=\"wp-block-gallery has-nested-images columns-default is-cropped wp-block-gallery-1 is-layout-flex wp-block-gallery-is-layout-flex\">\n<figure class=\"wp-block-image size-large is-style-default\"><img loading=\"lazy\" decoding=\"async\" width=\"1024\" height=\"996\" data-id=\"436\" src=\"https:\/\/www.uncoupdemeung.fr\/wp-content\/uploads\/2023\/03\/IMG-20230304-WA0042-1024x996.jpg\" alt=\"\" class=\"wp-image-436\" srcset=\"https:\/\/www.uncoupdemeung.fr\/wp-content\/uploads\/2023\/03\/IMG-20230304-WA0042-1024x996.jpg 1024w, https:\/\/www.uncoupdemeung.fr\/wp-content\/uploads\/2023\/03\/IMG-20230304-WA0042-300x292.jpg 300w, https:\/\/www.uncoupdemeung.fr\/wp-content\/uploads\/2023\/03\/IMG-20230304-WA0042-768x747.jpg 768w, https:\/\/www.uncoupdemeung.fr\/wp-content\/uploads\/2023\/03\/IMG-20230304-WA0042-1536x1494.jpg 1536w, https:\/\/www.uncoupdemeung.fr\/wp-content\/uploads\/2023\/03\/IMG-20230304-WA0042.jpg 2048w\" sizes=\"auto, (max-width: 1024px) 100vw, 1024px\" \/><\/figure>\n<\/figure>\n<\/div>\n<\/div>\n\n\n\n<p>Les jardiniers du jardin partag\u00e9 d&rsquo;Un coup de Meung se sont tous mobilis\u00e9s pour accueillir au mieux les visiteurs : Une cabane avec des toilettes s\u00e8ches \u00e0 fait son apparition pour le confort de tous \ud83d\ude09 et de nombreux ateliers ont \u00e9t\u00e9 pr\u00e9par\u00e9s : <\/p>\n\n\n\n<p class=\"has-text-align-center\">Trocs de graines (et plants)<\/p>\n\n\n\n<p class=\"has-text-align-center\">\u00ab Pr\u00e9pare tes plants \u00bb atelier de plantation de plantes et de graines  dans des coquilles d\u2019\u0153ufs<\/p>\n\n\n\n<p class=\"has-text-align-center\">\u00ab Adopte un arbre \u00bb Op\u00e9ration stockage de carbone ! Un coup de Meung propose \u00e0 ses adh\u00e9rents et associations du territoire d&rsquo;adopter les pousses d&rsquo;arbres offerts par la Marie de Baule suite \u00e0 la plantation de la micro for\u00eat en novembre 2022. On attend des photos  des plantations !<\/p>\n\n\n\n<div class=\"wp-block-group\"><div class=\"wp-block-group__inner-container is-layout-constrained wp-block-group-is-layout-constrained\">\n<p class=\"has-text-align-center\">Atelier cuisine solaire\u2013 comment \u00e7a marche ? D\u00e9monstration de l&rsquo;utilisation de  <a href=\"https:\/\/www.dusoleildansnosassiettes.com\/tube-de-sterilisation-solaire\">TUBES SOLAIRES | Dsdna (dusoleildansnosassiettes.com)<\/a>, une nouvelle commande group\u00e9e est en pr\u00e9paration, n&rsquo;h\u00e9sitez pas \u00e0 nous faire une demande par mail.<\/p>\n\n\n\n<p>Les associations partenaires se sont aussi mobilis\u00e9es: <\/p>\n\n\n\n<p class=\"has-text-align-center\">Atelier compost\u2013 qu\u2019est-ce qu\u2019on y met ? comment \u00e7a marche ? Quelles petites b\u00eates s\u2019y d\u00e9veloppent ? anim\u00e9 par Maxime (De la graine aux fruits)<\/p>\n\n\n\n<p class=\"has-text-align-center\">Cr\u00e9ation d\u2019une planche de permaculture par Jean Marie et Jean Luc de Cl\u00e9ry en Transition<\/p>\n\n\n\n<p class=\"has-text-align-center\">Echanges sur l&rsquo;organisation du jardin partag\u00e9 du centre social avec Christelle du Lab&rsquo;O de Beaugency<\/p>\n\n\n\n<p class=\"has-text-align-center\">Une d\u00e9gustation de tisanes propos\u00e9e par Elisa de \u00ab\u00a0Douces et Sauvages\u00a0\u00bb \u00e0 Beaugency<\/p>\n<\/div><\/div>\n\n\n\n<p>Les participants ont pu se d\u00e9placer gr\u00e2ce \u00e0  l&rsquo;application CoviEvent qui facilite le covoiturage:&nbsp;<a rel=\"noreferrer noopener\" href=\"https:\/\/covievent.org\/covoiturage\/apres-midi-festive-au-jardin-partage-d-un-coup-de-meung-pour-la-planete\/70d193bca2315a78800e196dca4ef370\" target=\"_blank\">https:\/\/covievent.org\/covoiturage\/apres-midi-festive-au-jardin-partage-d-un-coup-de-meung-pour-la-planete\/70d193bca2315a78800e196dca4ef370<\/a>.&nbsp;<\/p>\n\n\n\n<figure class=\"wp-block-image size-full\"><img loading=\"lazy\" decoding=\"async\" width=\"365\" height=\"524\" src=\"https:\/\/www.uncoupdemeung.fr\/wp-content\/uploads\/2023\/02\/230304-PartageonsJardin.jpg\" alt=\"\" class=\"wp-image-422\" srcset=\"https:\/\/www.uncoupdemeung.fr\/wp-content\/uploads\/2023\/02\/230304-PartageonsJardin.jpg 365w, https:\/\/www.uncoupdemeung.fr\/wp-content\/uploads\/2023\/02\/230304-PartageonsJardin-209x300.jpg 209w\" sizes=\"auto, (max-width: 365px) 100vw, 365px\" \/><\/figure>\n","protected":false},"excerpt":{"rendered":"<p>Samedi 4 mars, de 14h \u00e0 17h, nous avons organis\u00e9 un apr\u00e8s-midi festif au jardin partag\u00e9 de Baulette avec les Associations des jardins partag\u00e9s de Cl\u00e9ry St Andr\u00e9 \u00ab\u00a0Cl\u00e9ry en [&hellip;]<\/p>\n","protected":false},"author":3,"featured_media":0,"comment_status":"open","ping_status":"closed","sticky":false,"template":"","format":"standard","meta":{"footnotes":""},"categories":[10,11],"tags":[],"class_list":["post-420","post","type-post","status-publish","format-standard","hentry","category-jardin-partage","category-retro-actu","entry"],"_links":{"self":[{"href":"https:\/\/www.uncoupdemeung.fr\/index.php?rest_route=\/wp\/v2\/posts\/420","targetHints":{"allow":["GET"]}}],"collection":[{"href":"https:\/\/www.uncoupdemeung.fr\/index.php?rest_route=\/wp\/v2\/posts"}],"about":[{"href":"https:\/\/www.uncoupdemeung.fr\/index.php?rest_route=\/wp\/v2\/types\/post"}],"author":[{"embeddable":true,"href":"https:\/\/www.uncoupdemeung.fr\/index.php?rest_route=\/wp\/v2\/users\/3"}],"replies":[{"embeddable":true,"href":"https:\/\/www.uncoupdemeung.fr\/index.php?rest_route=%2Fwp%2Fv2%2Fcomments&post=420"}],"version-history":[{"count":7,"href":"https:\/\/www.uncoupdemeung.fr\/index.php?rest_route=\/wp\/v2\/posts\/420\/revisions"}],"predecessor-version":[{"id":488,"href":"https:\/\/www.uncoupdemeung.fr\/index.php?rest_route=\/wp\/v2\/posts\/420\/revisions\/488"}],"wp:attachment":[{"href":"https:\/\/www.uncoupdemeung.fr\/index.php?rest_route=%2Fwp%2Fv2%2Fmedia&parent=420"}],"wp:term":[{"taxonomy":"category","embeddable":true,"href":"https:\/\/www.uncoupdemeung.fr\/index.php?rest_route=%2Fwp%2Fv2%2Fcategories&post=420"},{"taxonomy":"post_tag","embeddable":true,"href":"https:\/\/www.uncoupdemeung.fr\/index.php?rest_route=%2Fwp%2Fv2%2Ftags&post=420"}],"curies":[{"name":"wp","href":"https:\/\/api.w.org\/{rel}","templated":true}]}}