{"id":925,"date":"2023-10-26T09:07:54","date_gmt":"2023-10-26T09:07:54","guid":{"rendered":"https:\/\/www.uncoupdemeung.fr\/?p=925"},"modified":"2023-11-03T16:29:08","modified_gmt":"2023-11-03T16:29:08","slug":"ca-watt-a-meung-9-11-23-a-20h30-salle-alain-corneau","status":"publish","type":"post","link":"https:\/\/www.uncoupdemeung.fr\/?p=925","title":{"rendered":"\u00c7a Watt \u00e0 Meung ! 9\/11\/23 \u00e0 20h30, salle Alain Corneau"},"content":{"rendered":"\n<p>Vous avez peut-\u00eatre entendu parler du projet d&rsquo;ombri\u00e8res solaires sur le parking de la gare de Meung-sur-Loire&#8230; il avance \u00e0 grand pas. Et la suite va s&rsquo;\u00e9crire avec vous !<\/p>\n\n\n\n<p>En effet, des \u00ab\u00a0<strong><a href=\"https:\/\/www.uncoupdemeung.fr\/?p=899\">Watts en Meung<\/a><\/strong>\u00a0\u00bb est un projet citoyen de production d&rsquo;\u00e9nergie renouvelable. C&rsquo;est-\u00e0-dire que ce sont les habitants qui montent le projet, et qui investissent.<\/p>\n\n\n\n<p>Nous projetons d&rsquo;\u00e9quiper le parking de 500 kWc de panneaux photovolta\u00efques, une belle surface, il nous faudra donc la participation de tout le bassin de vie des Terres du val de Loire, et d&rsquo;ailleurs, afin de financer et mener \u00e0 bien ce projet.<\/p>\n\n\n\n<p>Vous souhaitez nous investir dans notre projet ? Vous vous demandez comment fonctionne l&rsquo;\u00e9nergie citoyenne ? ou bien souhaitez-vous en savoir plus sur la production d&rsquo;\u00e9lectricit\u00e9 verte et locale ?<br>Nous vous invitons \u00e0 notre premi\u00e8re soir\u00e9e \u00ab\u00a0ambassadeur\u00a0\u00bb,&nbsp;<strong>le 9 novembre \u00e0 20 h 30<\/strong>, \u00e0 la salle Alain Corneau, \u00e0 Meung-sur-Loire.<\/p>\n\n\n\n<figure class=\"wp-block-gallery has-nested-images columns-default is-cropped wp-block-gallery-1 is-layout-flex wp-block-gallery-is-layout-flex\">\n<figure class=\"wp-block-image size-large\"><img loading=\"lazy\" decoding=\"async\" width=\"914\" height=\"615\" data-id=\"928\" src=\"https:\/\/www.uncoupdemeung.fr\/wp-content\/uploads\/2023\/10\/CaptureSolaire-2.jpg\" alt=\"\" class=\"wp-image-928\" srcset=\"https:\/\/www.uncoupdemeung.fr\/wp-content\/uploads\/2023\/10\/CaptureSolaire-2.jpg 914w, https:\/\/www.uncoupdemeung.fr\/wp-content\/uploads\/2023\/10\/CaptureSolaire-2-300x202.jpg 300w, https:\/\/www.uncoupdemeung.fr\/wp-content\/uploads\/2023\/10\/CaptureSolaire-2-768x517.jpg 768w\" sizes=\"auto, (max-width: 914px) 100vw, 914px\" \/><\/figure>\n\n\n\n<figure class=\"wp-block-image size-large\"><img loading=\"lazy\" decoding=\"async\" width=\"738\" height=\"489\" data-id=\"929\" src=\"https:\/\/www.uncoupdemeung.fr\/wp-content\/uploads\/2023\/10\/CaptureSolaire2-1.jpg\" alt=\"\" class=\"wp-image-929\" srcset=\"https:\/\/www.uncoupdemeung.fr\/wp-content\/uploads\/2023\/10\/CaptureSolaire2-1.jpg 738w, https:\/\/www.uncoupdemeung.fr\/wp-content\/uploads\/2023\/10\/CaptureSolaire2-1-300x199.jpg 300w, https:\/\/www.uncoupdemeung.fr\/wp-content\/uploads\/2023\/10\/CaptureSolaire2-1-391x260.jpg 391w\" sizes=\"auto, (max-width: 738px) 100vw, 738px\" \/><\/figure>\n<\/figure>\n\n\n\n<p>L&rsquo;\u00e9quipe d&rsquo;Un coup de Meung pour la plan\u00e8te r\u00e9pondra \u00e0 toutes vos questions. Vous pourrez peut-\u00eatre devenir \u00ab\u00a0ambassadeur\u00a0\u00bb du projet&#8230; si vous avez bien \u00e9cout\u00e9 ;-).<\/p>\n\n\n\n<p>A tr\u00e8s vite pour participer \u00e0 cette merveilleuse aventure \u00e9nerg\u00e9tique et humaine,<\/p>\n\n\n\n<p>L&rsquo;\u00e9quipe \u00e9nergie d&rsquo;Un coup de Meung.<\/p>\n","protected":false},"excerpt":{"rendered":"<p>Vous avez peut-\u00eatre entendu parler du projet d&rsquo;ombri\u00e8res solaires sur le parking de la gare de Meung-sur-Loire&#8230; il avance \u00e0 grand pas. Et la suite va s&rsquo;\u00e9crire avec vous ! [&hellip;]<\/p>\n","protected":false},"author":3,"featured_media":0,"comment_status":"open","ping_status":"closed","sticky":false,"template":"","format":"standard","meta":{"footnotes":""},"categories":[3],"tags":[],"class_list":["post-925","post","type-post","status-publish","format-standard","hentry","category-actualites","entry"],"_links":{"self":[{"href":"https:\/\/www.uncoupdemeung.fr\/index.php?rest_route=\/wp\/v2\/posts\/925","targetHints":{"allow":["GET"]}}],"collection":[{"href":"https:\/\/www.uncoupdemeung.fr\/index.php?rest_route=\/wp\/v2\/posts"}],"about":[{"href":"https:\/\/www.uncoupdemeung.fr\/index.php?rest_route=\/wp\/v2\/types\/post"}],"author":[{"embeddable":true,"href":"https:\/\/www.uncoupdemeung.fr\/index.php?rest_route=\/wp\/v2\/users\/3"}],"replies":[{"embeddable":true,"href":"https:\/\/www.uncoupdemeung.fr\/index.php?rest_route=%2Fwp%2Fv2%2Fcomments&post=925"}],"version-history":[{"count":2,"href":"https:\/\/www.uncoupdemeung.fr\/index.php?rest_route=\/wp\/v2\/posts\/925\/revisions"}],"predecessor-version":[{"id":931,"href":"https:\/\/www.uncoupdemeung.fr\/index.php?rest_route=\/wp\/v2\/posts\/925\/revisions\/931"}],"wp:attachment":[{"href":"https:\/\/www.uncoupdemeung.fr\/index.php?rest_route=%2Fwp%2Fv2%2Fmedia&parent=925"}],"wp:term":[{"taxonomy":"category","embeddable":true,"href":"https:\/\/www.uncoupdemeung.fr\/index.php?rest_route=%2Fwp%2Fv2%2Fcategories&post=925"},{"taxonomy":"post_tag","embeddable":true,"href":"https:\/\/www.uncoupdemeung.fr\/index.php?rest_route=%2Fwp%2Fv2%2Ftags&post=925"}],"curies":[{"name":"wp","href":"https:\/\/api.w.org\/{rel}","templated":true}]}}